{"id":5701,"date":"2015-04-08T09:15:22","date_gmt":"2015-04-08T08:15:22","guid":{"rendered":"http:\/\/www.kissthedesign.ch\/wp\/?p=5701"},"modified":"2015-04-08T09:16:26","modified_gmt":"2015-04-08T08:16:26","slug":"graphicart","status":"publish","type":"post","link":"https:\/\/www.kissthedesign.ch\/de\/graphicart\/","title":{"rendered":"Graphic Art | A3, Zeitguised, M.Forbach | 2011"},"content":{"rendered":"<div class=\"wpb-content-wrapper\"><p>[vc_row bg_position=&#8221;tl&#8221; bg_repeat=&#8221;no-repeat&#8221; parallax_type=&#8221;tb&#8221; parallax_speed=&#8221;1&#8243; bg_video_position=&#8221;top&#8221; bg_video_parallax=&#8221;none&#8221;][vc_column width=&#8221;1\/2&#8243; icon_position=&#8221;left&#8221;][vc_column_text css=&#8221;.vc_custom_1428480915472{padding-right: 40px !important;}&#8221;]<\/p>\n<p class=\"style1\" style=\"font-weight: bold; color: #000000; text-align: justify;\" align=\"left\"><strong>GRAPHIC ART, Zeitguised (D), Mathias Forbach (Vevey-CH), A3 Collectif (Lausanne-CH)<\/strong><br \/>\nExhibition from june 24 to september 3 2011<\/p>\n<p align=\"left\"><span class=\"style21\">From june 24 to september 3 2011, Kissthedesign gallery\u2019s summer exhibition will explore the field between contemporary art and graphic design under the title\u00a0<strong>GRAPHIC ART<\/strong>\u00a0with the artists\u00a0<strong>Zeitguised<\/strong>\u00a0(Berlin-D),\u00a0<strong>Mathias Forbach<\/strong>\u00a0(Vevey) and\u00a0<strong>A3 collectif<\/strong>\u00a0(Lausanne). The exhibition showcases an overview of a certain tendency to hybridation between art and applied arts. An exciting project beyond genre\u2019s boundaries.<\/span><\/p>\n<p align=\"left\"><span class=\"style21\">The 3 artists of the exhibition are all professionals in the field visual communication\u00a0: graphic designer, illustrator or 3D motion designer,\u00a0 that are close to contemporary art.<\/span><\/p>\n<p><strong>Zeitguised<\/strong>\u00a0is a reference in Europe for creative 3D, they are at the same time top 3D director, well known for their high-tech and surreal commercials and music videos, and artist recognized in the international networks of media art (Resfest, Onedotzero, ZKM Karlsruhe, etc.)<br \/>\n<strong>Mathias Forbach<\/strong>, is an freelance graphic designer and illustrator based in Vevey and is, since years, very close to the contemporary art world. He belongs to the young generation of drawing.<br \/>\n<strong>A3 collectif<\/strong>, from Lausanne, is composed by two graphic designers, Yvo H\u00e4hlen and Julien Wulf and by the communication designer Priscilla Balmer. The collective, that comes from street art and illustration,\u00a0 practices an urban and arty graphic design.[\/vc_column_text][\/vc_column][vc_column width=&#8221;1\/2&#8243;][vc_gallery type=&#8221;image_grid&#8221; interval=&#8221;3&#8243; images=&#8221;4858,4867,4864,4861&#8243; onclick=&#8221;link_image&#8221; custom_links_target=&#8221;_self&#8221; img_size=&#8221;full&#8221;][\/vc_column][\/vc_row]<\/p>\n<\/div>","protected":false},"excerpt":{"rendered":"<p>[vc_row bg_position=&#8221;tl&#8221; bg_repeat=&#8221;no-repeat&#8221; parallax_type=&#8221;tb&#8221; parallax_speed=&#8221;1&#8243; bg_video_position=&#8221;top&#8221; bg_video_parallax=&#8221;none&#8221;][vc_column width=&#8221;1\/2&#8243; icon_position=&#8221;left&#8221;][vc_column_text css=&#8221;.vc_custom_1428480915472{padding-right: 40px !important;}&#8221;] GRAPHIC ART, Zeitguised (D), Mathias Forbach (Vevey-CH), A3<\/p>\n","protected":false},"author":17,"featured_media":5706,"comment_status":"closed","ping_status":"closed","sticky":false,"template":"","format":"standard","meta":{"_monsterinsights_skip_tracking":false,"_monsterinsights_sitenote_active":false,"_monsterinsights_sitenote_note":"","_monsterinsights_sitenote_category":0,"footnotes":""},"categories":[170],"tags":[],"class_list":["post-5701","post","type-post","status-publish","format-standard","has-post-thumbnail","hentry","category-zeitgenoessische-kunst-und-design"],"yoast_head":"<!-- This site is optimized with the Yoast SEO plugin v25.3.1 - https:\/\/yoast.com\/wordpress\/plugins\/seo\/ -->\n<title>Graphic Art | A3, Zeitguised, M.Forbach | 2011<\/title>\n<meta name=\"description\" content=\"Graphic Art Ausstellung, A3, Zeitguised, M.Forbach. Gestaltung\" \/>\n<meta name=\"robots\" content=\"index, follow, max-snippet:-1, max-image-preview:large, max-video-preview:-1\" \/>\n<link rel=\"canonical\" href=\"https:\/\/www.kissthedesign.ch\/de\/graphicart\/\" \/>\n<meta property=\"og:locale\" content=\"de_DE\" \/>\n<meta property=\"og:type\" content=\"article\" \/>\n<meta property=\"og:title\" content=\"Graphic Art | A3, Zeitguised, M.Forbach | 2011\" \/>\n<meta property=\"og:description\" content=\"Graphic Art Ausstellung, A3, Zeitguised, M.Forbach. Gestaltung\" \/>\n<meta property=\"og:url\" content=\"https:\/\/www.kissthedesign.ch\/de\/graphicart\/\" \/>\n<meta property=\"og:site_name\" content=\"kissthedesign\" \/>\n<meta property=\"article:published_time\" content=\"2015-04-08T08:15:22+00:00\" \/>\n<meta property=\"article:modified_time\" content=\"2015-04-08T08:16:26+00:00\" \/>\n<meta property=\"og:image\" content=\"https:\/\/www.kissthedesign.ch\/wp\/wp-content\/uploads\/2014\/08\/zeitguised.jpg\" \/>\n\t<meta property=\"og:image:width\" content=\"600\" \/>\n\t<meta property=\"og:image:height\" content=\"394\" \/>\n\t<meta property=\"og:image:type\" content=\"image\/jpeg\" \/>\n<meta name=\"author\" content=\"corine st\u00fcbi\" \/>\n<meta name=\"twitter:label1\" content=\"Verfasst von\" \/>\n\t<meta name=\"twitter:data1\" content=\"corine st\u00fcbi\" \/>\n\t<meta name=\"twitter:label2\" content=\"Gesch\u00e4tzte Lesezeit\" \/>\n\t<meta name=\"twitter:data2\" content=\"1\u00a0Minute\" \/>\n<script type=\"application\/ld+json\" class=\"yoast-schema-graph\">{\"@context\":\"https:\/\/schema.org\",\"@graph\":[{\"@type\":\"Article\",\"@id\":\"https:\/\/www.kissthedesign.ch\/de\/graphicart\/#article\",\"isPartOf\":{\"@id\":\"https:\/\/www.kissthedesign.ch\/de\/graphicart\/\"},\"author\":{\"name\":\"corine st\u00fcbi\",\"@id\":\"https:\/\/www.kissthedesign.ch\/en\/#\/schema\/person\/835a910b953146ee3bce76063b95a123\"},\"headline\":\"Graphic Art | A3, Zeitguised, M.Forbach | 2011\",\"datePublished\":\"2015-04-08T08:15:22+00:00\",\"dateModified\":\"2015-04-08T08:16:26+00:00\",\"mainEntityOfPage\":{\"@id\":\"https:\/\/www.kissthedesign.ch\/de\/graphicart\/\"},\"wordCount\":285,\"publisher\":{\"@id\":\"https:\/\/www.kissthedesign.ch\/en\/#organization\"},\"image\":{\"@id\":\"https:\/\/www.kissthedesign.ch\/de\/graphicart\/#primaryimage\"},\"thumbnailUrl\":\"https:\/\/www.kissthedesign.ch\/wp\/wp-content\/uploads\/2014\/08\/zeitguised.jpg\",\"articleSection\":[\"Zeitgen\u00f6ssische Kunst und Design\"],\"inLanguage\":\"de\"},{\"@type\":\"WebPage\",\"@id\":\"https:\/\/www.kissthedesign.ch\/de\/graphicart\/\",\"url\":\"https:\/\/www.kissthedesign.ch\/de\/graphicart\/\",\"name\":\"Graphic Art | A3, Zeitguised, M.Forbach | 2011\",\"isPartOf\":{\"@id\":\"https:\/\/www.kissthedesign.ch\/en\/#website\"},\"primaryImageOfPage\":{\"@id\":\"https:\/\/www.kissthedesign.ch\/de\/graphicart\/#primaryimage\"},\"image\":{\"@id\":\"https:\/\/www.kissthedesign.ch\/de\/graphicart\/#primaryimage\"},\"thumbnailUrl\":\"https:\/\/www.kissthedesign.ch\/wp\/wp-content\/uploads\/2014\/08\/zeitguised.jpg\",\"datePublished\":\"2015-04-08T08:15:22+00:00\",\"dateModified\":\"2015-04-08T08:16:26+00:00\",\"description\":\"Graphic Art Ausstellung, A3, Zeitguised, M.Forbach. Gestaltung\",\"breadcrumb\":{\"@id\":\"https:\/\/www.kissthedesign.ch\/de\/graphicart\/#breadcrumb\"},\"inLanguage\":\"de\",\"potentialAction\":[{\"@type\":\"ReadAction\",\"target\":[\"https:\/\/www.kissthedesign.ch\/de\/graphicart\/\"]}]},{\"@type\":\"ImageObject\",\"inLanguage\":\"de\",\"@id\":\"https:\/\/www.kissthedesign.ch\/de\/graphicart\/#primaryimage\",\"url\":\"https:\/\/www.kissthedesign.ch\/wp\/wp-content\/uploads\/2014\/08\/zeitguised.jpg\",\"contentUrl\":\"https:\/\/www.kissthedesign.ch\/wp\/wp-content\/uploads\/2014\/08\/zeitguised.jpg\",\"width\":600,\"height\":394},{\"@type\":\"BreadcrumbList\",\"@id\":\"https:\/\/www.kissthedesign.ch\/de\/graphicart\/#breadcrumb\",\"itemListElement\":[{\"@type\":\"ListItem\",\"position\":1,\"name\":\"Accueil\",\"item\":\"https:\/\/www.kissthedesign.ch\/de\/\"},{\"@type\":\"ListItem\",\"position\":2,\"name\":\"Graphic Art | A3, Zeitguised, M.Forbach | 2011\"}]},{\"@type\":\"WebSite\",\"@id\":\"https:\/\/www.kissthedesign.ch\/en\/#website\",\"url\":\"https:\/\/www.kissthedesign.ch\/en\/\",\"name\":\"kissthedesign\",\"description\":\"Kissthedesign, Lausanne, Suisse. Mobilier du XXe, design vintage\",\"publisher\":{\"@id\":\"https:\/\/www.kissthedesign.ch\/en\/#organization\"},\"potentialAction\":[{\"@type\":\"SearchAction\",\"target\":{\"@type\":\"EntryPoint\",\"urlTemplate\":\"https:\/\/www.kissthedesign.ch\/en\/?s={search_term_string}\"},\"query-input\":{\"@type\":\"PropertyValueSpecification\",\"valueRequired\":true,\"valueName\":\"search_term_string\"}}],\"inLanguage\":\"de\"},{\"@type\":\"Organization\",\"@id\":\"https:\/\/www.kissthedesign.ch\/en\/#organization\",\"name\":\"Kissthedesign\",\"url\":\"https:\/\/www.kissthedesign.ch\/en\/\",\"logo\":{\"@type\":\"ImageObject\",\"inLanguage\":\"de\",\"@id\":\"https:\/\/www.kissthedesign.ch\/en\/#\/schema\/logo\/image\/\",\"url\":\"https:\/\/www.kissthedesign.ch\/wp\/wp-content\/uploads\/2016\/08\/ktd-logo-web.jpg\",\"contentUrl\":\"https:\/\/www.kissthedesign.ch\/wp\/wp-content\/uploads\/2016\/08\/ktd-logo-web.jpg\",\"width\":450,\"height\":167,\"caption\":\"Kissthedesign\"},\"image\":{\"@id\":\"https:\/\/www.kissthedesign.ch\/en\/#\/schema\/logo\/image\/\"}},{\"@type\":\"Person\",\"@id\":\"https:\/\/www.kissthedesign.ch\/en\/#\/schema\/person\/835a910b953146ee3bce76063b95a123\",\"name\":\"corine st\u00fcbi\",\"url\":\"https:\/\/www.kissthedesign.ch\/de\/author\/c3st_am01-cul3\/\"}]}<\/script>\n<!-- \/ Yoast SEO plugin. -->","yoast_head_json":{"title":"Graphic Art | A3, Zeitguised, M.Forbach | 2011","description":"Graphic Art Ausstellung, A3, Zeitguised, M.Forbach. Gestaltung","robots":{"index":"index","follow":"follow","max-snippet":"max-snippet:-1","max-image-preview":"max-image-preview:large","max-video-preview":"max-video-preview:-1"},"canonical":"https:\/\/www.kissthedesign.ch\/de\/graphicart\/","og_locale":"de_DE","og_type":"article","og_title":"Graphic Art | A3, Zeitguised, M.Forbach | 2011","og_description":"Graphic Art Ausstellung, A3, Zeitguised, M.Forbach. Gestaltung","og_url":"https:\/\/www.kissthedesign.ch\/de\/graphicart\/","og_site_name":"kissthedesign","article_published_time":"2015-04-08T08:15:22+00:00","article_modified_time":"2015-04-08T08:16:26+00:00","og_image":[{"width":600,"height":394,"url":"https:\/\/www.kissthedesign.ch\/wp\/wp-content\/uploads\/2014\/08\/zeitguised.jpg","type":"image\/jpeg"}],"author":"corine st\u00fcbi","twitter_misc":{"Verfasst von":"corine st\u00fcbi","Gesch\u00e4tzte Lesezeit":"1\u00a0Minute"},"schema":{"@context":"https:\/\/schema.org","@graph":[{"@type":"Article","@id":"https:\/\/www.kissthedesign.ch\/de\/graphicart\/#article","isPartOf":{"@id":"https:\/\/www.kissthedesign.ch\/de\/graphicart\/"},"author":{"name":"corine st\u00fcbi","@id":"https:\/\/www.kissthedesign.ch\/en\/#\/schema\/person\/835a910b953146ee3bce76063b95a123"},"headline":"Graphic Art | A3, Zeitguised, M.Forbach | 2011","datePublished":"2015-04-08T08:15:22+00:00","dateModified":"2015-04-08T08:16:26+00:00","mainEntityOfPage":{"@id":"https:\/\/www.kissthedesign.ch\/de\/graphicart\/"},"wordCount":285,"publisher":{"@id":"https:\/\/www.kissthedesign.ch\/en\/#organization"},"image":{"@id":"https:\/\/www.kissthedesign.ch\/de\/graphicart\/#primaryimage"},"thumbnailUrl":"https:\/\/www.kissthedesign.ch\/wp\/wp-content\/uploads\/2014\/08\/zeitguised.jpg","articleSection":["Zeitgen\u00f6ssische Kunst und Design"],"inLanguage":"de"},{"@type":"WebPage","@id":"https:\/\/www.kissthedesign.ch\/de\/graphicart\/","url":"https:\/\/www.kissthedesign.ch\/de\/graphicart\/","name":"Graphic Art | A3, Zeitguised, M.Forbach | 2011","isPartOf":{"@id":"https:\/\/www.kissthedesign.ch\/en\/#website"},"primaryImageOfPage":{"@id":"https:\/\/www.kissthedesign.ch\/de\/graphicart\/#primaryimage"},"image":{"@id":"https:\/\/www.kissthedesign.ch\/de\/graphicart\/#primaryimage"},"thumbnailUrl":"https:\/\/www.kissthedesign.ch\/wp\/wp-content\/uploads\/2014\/08\/zeitguised.jpg","datePublished":"2015-04-08T08:15:22+00:00","dateModified":"2015-04-08T08:16:26+00:00","description":"Graphic Art Ausstellung, A3, Zeitguised, M.Forbach. Gestaltung","breadcrumb":{"@id":"https:\/\/www.kissthedesign.ch\/de\/graphicart\/#breadcrumb"},"inLanguage":"de","potentialAction":[{"@type":"ReadAction","target":["https:\/\/www.kissthedesign.ch\/de\/graphicart\/"]}]},{"@type":"ImageObject","inLanguage":"de","@id":"https:\/\/www.kissthedesign.ch\/de\/graphicart\/#primaryimage","url":"https:\/\/www.kissthedesign.ch\/wp\/wp-content\/uploads\/2014\/08\/zeitguised.jpg","contentUrl":"https:\/\/www.kissthedesign.ch\/wp\/wp-content\/uploads\/2014\/08\/zeitguised.jpg","width":600,"height":394},{"@type":"BreadcrumbList","@id":"https:\/\/www.kissthedesign.ch\/de\/graphicart\/#breadcrumb","itemListElement":[{"@type":"ListItem","position":1,"name":"Accueil","item":"https:\/\/www.kissthedesign.ch\/de\/"},{"@type":"ListItem","position":2,"name":"Graphic Art | A3, Zeitguised, M.Forbach | 2011"}]},{"@type":"WebSite","@id":"https:\/\/www.kissthedesign.ch\/en\/#website","url":"https:\/\/www.kissthedesign.ch\/en\/","name":"kissthedesign","description":"Kissthedesign, Lausanne, Suisse. Mobilier du XXe, design vintage","publisher":{"@id":"https:\/\/www.kissthedesign.ch\/en\/#organization"},"potentialAction":[{"@type":"SearchAction","target":{"@type":"EntryPoint","urlTemplate":"https:\/\/www.kissthedesign.ch\/en\/?s={search_term_string}"},"query-input":{"@type":"PropertyValueSpecification","valueRequired":true,"valueName":"search_term_string"}}],"inLanguage":"de"},{"@type":"Organization","@id":"https:\/\/www.kissthedesign.ch\/en\/#organization","name":"Kissthedesign","url":"https:\/\/www.kissthedesign.ch\/en\/","logo":{"@type":"ImageObject","inLanguage":"de","@id":"https:\/\/www.kissthedesign.ch\/en\/#\/schema\/logo\/image\/","url":"https:\/\/www.kissthedesign.ch\/wp\/wp-content\/uploads\/2016\/08\/ktd-logo-web.jpg","contentUrl":"https:\/\/www.kissthedesign.ch\/wp\/wp-content\/uploads\/2016\/08\/ktd-logo-web.jpg","width":450,"height":167,"caption":"Kissthedesign"},"image":{"@id":"https:\/\/www.kissthedesign.ch\/en\/#\/schema\/logo\/image\/"}},{"@type":"Person","@id":"https:\/\/www.kissthedesign.ch\/en\/#\/schema\/person\/835a910b953146ee3bce76063b95a123","name":"corine st\u00fcbi","url":"https:\/\/www.kissthedesign.ch\/de\/author\/c3st_am01-cul3\/"}]}},"_links":{"self":[{"href":"https:\/\/www.kissthedesign.ch\/de\/wp-json\/wp\/v2\/posts\/5701","targetHints":{"allow":["GET"]}}],"collection":[{"href":"https:\/\/www.kissthedesign.ch\/de\/wp-json\/wp\/v2\/posts"}],"about":[{"href":"https:\/\/www.kissthedesign.ch\/de\/wp-json\/wp\/v2\/types\/post"}],"author":[{"embeddable":true,"href":"https:\/\/www.kissthedesign.ch\/de\/wp-json\/wp\/v2\/users\/17"}],"replies":[{"embeddable":true,"href":"https:\/\/www.kissthedesign.ch\/de\/wp-json\/wp\/v2\/comments?post=5701"}],"version-history":[{"count":0,"href":"https:\/\/www.kissthedesign.ch\/de\/wp-json\/wp\/v2\/posts\/5701\/revisions"}],"wp:featuredmedia":[{"embeddable":true,"href":"https:\/\/www.kissthedesign.ch\/de\/wp-json\/wp\/v2\/media\/5706"}],"wp:attachment":[{"href":"https:\/\/www.kissthedesign.ch\/de\/wp-json\/wp\/v2\/media?parent=5701"}],"wp:term":[{"taxonomy":"category","embeddable":true,"href":"https:\/\/www.kissthedesign.ch\/de\/wp-json\/wp\/v2\/categories?post=5701"},{"taxonomy":"post_tag","embeddable":true,"href":"https:\/\/www.kissthedesign.ch\/de\/wp-json\/wp\/v2\/tags?post=5701"}],"curies":[{"name":"wp","href":"https:\/\/api.w.org\/{rel}","templated":true}]}}