{"id":5787,"date":"2015-04-08T14:20:45","date_gmt":"2015-04-08T13:20:45","guid":{"rendered":"http:\/\/www.kissthedesign.ch\/wp\/?p=5787"},"modified":"2015-04-08T14:23:28","modified_gmt":"2015-04-08T13:23:28","slug":"miguel-meneses","status":"publish","type":"post","link":"https:\/\/www.kissthedesign.ch\/de\/miguel-meneses\/","title":{"rendered":"Miguel Meneses | Travaux d&#8217;\u00e9t\u00e9 | 2012"},"content":{"rendered":"<div class=\"wpb-content-wrapper\"><p>[vc_row bg_position=&#8221;tl&#8221; bg_repeat=&#8221;no-repeat&#8221; parallax_type=&#8221;tb&#8221; parallax_speed=&#8221;1&#8243; bg_video_position=&#8221;top&#8221; bg_video_parallax=&#8221;none&#8221;][vc_column width=&#8221;1\/2&#8243; icon_position=&#8221;left&#8221;][vc_column_text css=&#8221;.vc_custom_1428499228251{padding-right: 40px !important;}&#8221;]<\/p>\n<p align=\"left\">No translation available in english<\/p>\n<p class=\"style1\" style=\"font-weight: bold; color: #000000; text-align: justify;\" align=\"left\"><strong><span class=\"Apple-style-span\" style=\"font-weight: bold;\"><strong>Miguel Meneses, TRAVAUX D&#8217;<\/strong><\/span><\/strong>\u00c9T\u00c9 Exposition du 21 septembre au 3 novembre 2012<\/p>\n<p style=\"text-align: justify;\">Pour son exposition de la rentr\u00e9e, la galerie kissthedesign a donn\u00e9 carte blanche \u00e0 l\u2019historien de l\u2019art Rolando Bassetti, qui a choisi de pr\u00e9senter le travail d\u2019un jeune talent, issu de la sc\u00e8ne artistique romande.<\/p>\n<p style=\"text-align: justify;\">&#8220;Les\u00a0<em>Travaux d\u2019\u00e9t\u00e9\u00a0<\/em>de Miguel Meneses sont le fruit d\u2019une analyse exigeante de la r\u00e9alit\u00e9 physique et fonctionnelle de l\u2019espace dont il dispose. Cette r\u00e9flexion est d\u00e9clin\u00e9e en plusieurs s\u00e9ries d\u2019oeuvres &#8211; sculptures, toiles et installations &#8211; caract\u00e9ris\u00e9es par un minimalisme \u00e9l\u00e9gant et puissant.<\/p>\n<p style=\"text-align: justify;\">Sur le plan formel, sa recherche s\u2019interroge sur la perception de l\u2019espace et vise \u00e0 cr\u00e9er, par un seul geste artistique calibr\u00e9, une r\u00e9sonance entre l\u2019\u0153uvre d\u2019art et l\u2019environnement. Une sorte de tension \u00e9quilibr\u00e9e qui laisse appara\u00eetre des interstices physiques et mentaux inattendus. Cette r\u00e9flexion est d\u00e9clin\u00e9e en plusieurs s\u00e9ries d\u2019\u0153uvres caract\u00e9ris\u00e9es par un minimalisme \u00e9l\u00e9gant et puissant.<\/p>\n<p style=\"text-align: justify;\">Le choix des divers mat\u00e9riaux et des couleurs est soumis \u00e0 une rigueur que l\u2019artiste s\u2019impose, dans l\u2019intention de se focaliser sur la structure essentielle de l\u2019\u0153uvre d\u2019art, sur les \u00e9l\u00e9ments qui lui permettent d\u2019exister en tant que telle.<\/p>\n<p style=\"text-align: justify;\">La ligne, c\u00e9l\u00e9br\u00e9e ici en tant que forme g\u00e9om\u00e9trique originelle, devient le moyen d\u2019une action concr\u00e8te, qui souligne un \u00e9l\u00e9ment architectural, cr\u00e9e une illusion de perfection, se prolonge ou donne lieu \u00e0 une rupture dans l\u2019espace. De plus, l\u2019utilisation presque exclusive du noir et du blanc ram\u00e8ne \u00e0 l\u2019\u00e9tat le plus \u00e9l\u00e9mentaire l\u2019alphabet propre \u00e0 l\u2019artiste, contrastant efficacement avec la vari\u00e9t\u00e9 des autres \u00e9l\u00e9ments pr\u00e9sents dans la pi\u00e8ce. Les correspondances et les rappels qui rythment l\u2019accrochage, ainsi que le jeu de renvois entre les \u0153uvres et l\u2019architecture du lieu, nous interpellent de mani\u00e8re presque imperceptible et deviennent des plus captivants \u00e0 mesure que l\u2019observation s\u2019intensifie.<\/p>\n<p style=\"text-align: justify;\">Au travers de ces choix th\u00e9matiques et esth\u00e9tiques, Miguel Meneses se confronte avec la vocation qui caract\u00e9rise la Galerie Kissthedesign &#8211; pr\u00e9senter en un seul lieu de l\u2019art contemporain et du design &#8211; et r\u00e9sout avec coh\u00e9rence les dilemmes d\u00e9rivant du d\u00e9fi de sortir de l\u2019espace sacralis\u00e9 du\u00a0<em>white cube<\/em>.&#8221;<\/p>\n<p><em>Texte: Rolando Bassetti, historien de l\u2019art<\/em><\/p>\n<p style=\"text-align: justify;\" align=\"left\"><strong class=\"style1\" style=\"font-weight: bold; color: #000000;\">BIOGRAPHIE<\/strong><\/p>\n<p style=\"text-align: justify;\">Miguel Meneses *1984 (Vila Real, Portugal), dipl\u00f4m\u00e9 de l\u2019ECAL en art visuel en 2012, vit et travaille \u00e0 Lausanne.<\/p>\n<p style=\"text-align: justify;\">Apr\u00e8s avoir travaill\u00e9 quelques ann\u00e9es dans la vente, il d\u00e9cide de changer de voie et entre en 2009 \u00e0 l\u2019Ecole Cantonale d\u2019Art de Lausanne (ECAL) pour se consacrer \u00e0 l\u2019\u00e9tude et \u00e0 la pratique de l\u2019art.<\/p>\n<p style=\"text-align: justify;\">Son travail a \u00e9t\u00e9 distingu\u00e9 \u00e0 plusieurs reprises dans le cadre de l\u2019ECAL, en 2011 par une r\u00e9sidence \u00e0 la galerie Zwanzigquadratmeter \u00e0 Berlin (zqmberlin.org), o\u00f9 il r\u00e9alise sa premi\u00e8re exposition personnelle\u00a0<em>Vacant<\/em>, et en 2010 par le premier prix de la BCV. Son travail de dipl\u00f4me a par ailleurs \u00e9t\u00e9 r\u00e9cemment r\u00e9compens\u00e9 par le prix Ernest Manganel. Il a \u00e9galement particip\u00e9 \u00e0 plusieurs expositions collectives en Suisse, dont \u00e0 la galerie Kissthedesign, dans le cadre du projet kissmynewspaper en mars 2012, \u00e0 l\u2019Elac (Lausanne), \u00e0 Blackoutemptyhouse (Porrentruy), etc<\/p>\n<p style=\"text-align: justify;\">Il d\u00e9bute actuellement le cursus Master en arts visuels de L\u2019ECAL.<\/p>\n<p>[\/vc_column_text][\/vc_column][vc_column width=&#8221;1\/2&#8243;][vc_gallery type=&#8221;image_grid&#8221; interval=&#8221;3&#8243; images=&#8221;5776,5773&#8243; onclick=&#8221;link_image&#8221; custom_links_target=&#8221;_self&#8221; img_size=&#8221;full&#8221;][\/vc_column][\/vc_row]<\/p>\n<\/div>","protected":false},"excerpt":{"rendered":"<p>[vc_row bg_position=&#8221;tl&#8221; bg_repeat=&#8221;no-repeat&#8221; parallax_type=&#8221;tb&#8221; parallax_speed=&#8221;1&#8243; bg_video_position=&#8221;top&#8221; bg_video_parallax=&#8221;none&#8221;][vc_column width=&#8221;1\/2&#8243; icon_position=&#8221;left&#8221;][vc_column_text css=&#8221;.vc_custom_1428499228251{padding-right: 40px !important;}&#8221;] No translation available in english Miguel Meneses, TRAVAUX<\/p>\n","protected":false},"author":17,"featured_media":5783,"comment_status":"closed","ping_status":"closed","sticky":false,"template":"","format":"standard","meta":{"_monsterinsights_skip_tracking":false,"_monsterinsights_sitenote_active":false,"_monsterinsights_sitenote_note":"","_monsterinsights_sitenote_category":0,"footnotes":""},"categories":[170],"tags":[],"class_list":["post-5787","post","type-post","status-publish","format-standard","has-post-thumbnail","hentry","category-zeitgenoessische-kunst-und-design"],"yoast_head":"<!-- This site is optimized with the Yoast SEO plugin v25.3.1 - https:\/\/yoast.com\/wordpress\/plugins\/seo\/ -->\n<title>Miguel Meneses | 2012<\/title>\n<meta name=\"description\" content=\"Miguel Meneses Ausstellung\" \/>\n<meta name=\"robots\" content=\"index, follow, max-snippet:-1, max-image-preview:large, max-video-preview:-1\" \/>\n<link rel=\"canonical\" href=\"https:\/\/www.kissthedesign.ch\/de\/miguel-meneses\/\" \/>\n<meta property=\"og:locale\" content=\"de_DE\" \/>\n<meta property=\"og:type\" content=\"article\" \/>\n<meta property=\"og:title\" content=\"Miguel Meneses | 2012\" \/>\n<meta property=\"og:description\" content=\"Miguel Meneses Ausstellung\" \/>\n<meta property=\"og:url\" content=\"https:\/\/www.kissthedesign.ch\/de\/miguel-meneses\/\" \/>\n<meta property=\"og:site_name\" content=\"kissthedesign\" \/>\n<meta property=\"article:published_time\" content=\"2015-04-08T13:20:45+00:00\" \/>\n<meta property=\"article:modified_time\" content=\"2015-04-08T13:23:28+00:00\" \/>\n<meta property=\"og:image\" content=\"https:\/\/www.kissthedesign.ch\/wp\/wp-content\/uploads\/2015\/04\/miguel-meneses1.jpg\" \/>\n\t<meta property=\"og:image:width\" content=\"669\" \/>\n\t<meta property=\"og:image:height\" content=\"684\" \/>\n\t<meta property=\"og:image:type\" content=\"image\/jpeg\" \/>\n<meta name=\"author\" content=\"corine st\u00fcbi\" \/>\n<meta name=\"twitter:label1\" content=\"Verfasst von\" \/>\n\t<meta name=\"twitter:data1\" content=\"corine st\u00fcbi\" \/>\n\t<meta name=\"twitter:label2\" content=\"Gesch\u00e4tzte Lesezeit\" \/>\n\t<meta name=\"twitter:data2\" content=\"3\u00a0Minuten\" \/>\n<script type=\"application\/ld+json\" class=\"yoast-schema-graph\">{\"@context\":\"https:\/\/schema.org\",\"@graph\":[{\"@type\":\"Article\",\"@id\":\"https:\/\/www.kissthedesign.ch\/de\/miguel-meneses\/#article\",\"isPartOf\":{\"@id\":\"https:\/\/www.kissthedesign.ch\/de\/miguel-meneses\/\"},\"author\":{\"name\":\"corine st\u00fcbi\",\"@id\":\"https:\/\/www.kissthedesign.ch\/en\/#\/schema\/person\/835a910b953146ee3bce76063b95a123\"},\"headline\":\"Miguel Meneses | Travaux d&#8217;\u00e9t\u00e9 | 2012\",\"datePublished\":\"2015-04-08T13:20:45+00:00\",\"dateModified\":\"2015-04-08T13:23:28+00:00\",\"mainEntityOfPage\":{\"@id\":\"https:\/\/www.kissthedesign.ch\/de\/miguel-meneses\/\"},\"wordCount\":653,\"publisher\":{\"@id\":\"https:\/\/www.kissthedesign.ch\/en\/#organization\"},\"image\":{\"@id\":\"https:\/\/www.kissthedesign.ch\/de\/miguel-meneses\/#primaryimage\"},\"thumbnailUrl\":\"https:\/\/www.kissthedesign.ch\/wp\/wp-content\/uploads\/2015\/04\/miguel-meneses1.jpg\",\"articleSection\":[\"Zeitgen\u00f6ssische Kunst und Design\"],\"inLanguage\":\"de\"},{\"@type\":\"WebPage\",\"@id\":\"https:\/\/www.kissthedesign.ch\/de\/miguel-meneses\/\",\"url\":\"https:\/\/www.kissthedesign.ch\/de\/miguel-meneses\/\",\"name\":\"Miguel Meneses | 2012\",\"isPartOf\":{\"@id\":\"https:\/\/www.kissthedesign.ch\/en\/#website\"},\"primaryImageOfPage\":{\"@id\":\"https:\/\/www.kissthedesign.ch\/de\/miguel-meneses\/#primaryimage\"},\"image\":{\"@id\":\"https:\/\/www.kissthedesign.ch\/de\/miguel-meneses\/#primaryimage\"},\"thumbnailUrl\":\"https:\/\/www.kissthedesign.ch\/wp\/wp-content\/uploads\/2015\/04\/miguel-meneses1.jpg\",\"datePublished\":\"2015-04-08T13:20:45+00:00\",\"dateModified\":\"2015-04-08T13:23:28+00:00\",\"description\":\"Miguel Meneses Ausstellung\",\"breadcrumb\":{\"@id\":\"https:\/\/www.kissthedesign.ch\/de\/miguel-meneses\/#breadcrumb\"},\"inLanguage\":\"de\",\"potentialAction\":[{\"@type\":\"ReadAction\",\"target\":[\"https:\/\/www.kissthedesign.ch\/de\/miguel-meneses\/\"]}]},{\"@type\":\"ImageObject\",\"inLanguage\":\"de\",\"@id\":\"https:\/\/www.kissthedesign.ch\/de\/miguel-meneses\/#primaryimage\",\"url\":\"https:\/\/www.kissthedesign.ch\/wp\/wp-content\/uploads\/2015\/04\/miguel-meneses1.jpg\",\"contentUrl\":\"https:\/\/www.kissthedesign.ch\/wp\/wp-content\/uploads\/2015\/04\/miguel-meneses1.jpg\",\"width\":669,\"height\":684},{\"@type\":\"BreadcrumbList\",\"@id\":\"https:\/\/www.kissthedesign.ch\/de\/miguel-meneses\/#breadcrumb\",\"itemListElement\":[{\"@type\":\"ListItem\",\"position\":1,\"name\":\"Accueil\",\"item\":\"https:\/\/www.kissthedesign.ch\/de\/\"},{\"@type\":\"ListItem\",\"position\":2,\"name\":\"Miguel Meneses | Travaux d&#8217;\u00e9t\u00e9 | 2012\"}]},{\"@type\":\"WebSite\",\"@id\":\"https:\/\/www.kissthedesign.ch\/en\/#website\",\"url\":\"https:\/\/www.kissthedesign.ch\/en\/\",\"name\":\"kissthedesign\",\"description\":\"Kissthedesign, Lausanne, Suisse. Mobilier du XXe, design vintage\",\"publisher\":{\"@id\":\"https:\/\/www.kissthedesign.ch\/en\/#organization\"},\"potentialAction\":[{\"@type\":\"SearchAction\",\"target\":{\"@type\":\"EntryPoint\",\"urlTemplate\":\"https:\/\/www.kissthedesign.ch\/en\/?s={search_term_string}\"},\"query-input\":{\"@type\":\"PropertyValueSpecification\",\"valueRequired\":true,\"valueName\":\"search_term_string\"}}],\"inLanguage\":\"de\"},{\"@type\":\"Organization\",\"@id\":\"https:\/\/www.kissthedesign.ch\/en\/#organization\",\"name\":\"Kissthedesign\",\"url\":\"https:\/\/www.kissthedesign.ch\/en\/\",\"logo\":{\"@type\":\"ImageObject\",\"inLanguage\":\"de\",\"@id\":\"https:\/\/www.kissthedesign.ch\/en\/#\/schema\/logo\/image\/\",\"url\":\"https:\/\/www.kissthedesign.ch\/wp\/wp-content\/uploads\/2016\/08\/ktd-logo-web.jpg\",\"contentUrl\":\"https:\/\/www.kissthedesign.ch\/wp\/wp-content\/uploads\/2016\/08\/ktd-logo-web.jpg\",\"width\":450,\"height\":167,\"caption\":\"Kissthedesign\"},\"image\":{\"@id\":\"https:\/\/www.kissthedesign.ch\/en\/#\/schema\/logo\/image\/\"}},{\"@type\":\"Person\",\"@id\":\"https:\/\/www.kissthedesign.ch\/en\/#\/schema\/person\/835a910b953146ee3bce76063b95a123\",\"name\":\"corine st\u00fcbi\",\"url\":\"https:\/\/www.kissthedesign.ch\/de\/author\/c3st_am01-cul3\/\"}]}<\/script>\n<!-- \/ Yoast SEO plugin. -->","yoast_head_json":{"title":"Miguel Meneses | 2012","description":"Miguel Meneses Ausstellung","robots":{"index":"index","follow":"follow","max-snippet":"max-snippet:-1","max-image-preview":"max-image-preview:large","max-video-preview":"max-video-preview:-1"},"canonical":"https:\/\/www.kissthedesign.ch\/de\/miguel-meneses\/","og_locale":"de_DE","og_type":"article","og_title":"Miguel Meneses | 2012","og_description":"Miguel Meneses Ausstellung","og_url":"https:\/\/www.kissthedesign.ch\/de\/miguel-meneses\/","og_site_name":"kissthedesign","article_published_time":"2015-04-08T13:20:45+00:00","article_modified_time":"2015-04-08T13:23:28+00:00","og_image":[{"width":669,"height":684,"url":"https:\/\/www.kissthedesign.ch\/wp\/wp-content\/uploads\/2015\/04\/miguel-meneses1.jpg","type":"image\/jpeg"}],"author":"corine st\u00fcbi","twitter_misc":{"Verfasst von":"corine st\u00fcbi","Gesch\u00e4tzte Lesezeit":"3\u00a0Minuten"},"schema":{"@context":"https:\/\/schema.org","@graph":[{"@type":"Article","@id":"https:\/\/www.kissthedesign.ch\/de\/miguel-meneses\/#article","isPartOf":{"@id":"https:\/\/www.kissthedesign.ch\/de\/miguel-meneses\/"},"author":{"name":"corine st\u00fcbi","@id":"https:\/\/www.kissthedesign.ch\/en\/#\/schema\/person\/835a910b953146ee3bce76063b95a123"},"headline":"Miguel Meneses | Travaux d&#8217;\u00e9t\u00e9 | 2012","datePublished":"2015-04-08T13:20:45+00:00","dateModified":"2015-04-08T13:23:28+00:00","mainEntityOfPage":{"@id":"https:\/\/www.kissthedesign.ch\/de\/miguel-meneses\/"},"wordCount":653,"publisher":{"@id":"https:\/\/www.kissthedesign.ch\/en\/#organization"},"image":{"@id":"https:\/\/www.kissthedesign.ch\/de\/miguel-meneses\/#primaryimage"},"thumbnailUrl":"https:\/\/www.kissthedesign.ch\/wp\/wp-content\/uploads\/2015\/04\/miguel-meneses1.jpg","articleSection":["Zeitgen\u00f6ssische Kunst und Design"],"inLanguage":"de"},{"@type":"WebPage","@id":"https:\/\/www.kissthedesign.ch\/de\/miguel-meneses\/","url":"https:\/\/www.kissthedesign.ch\/de\/miguel-meneses\/","name":"Miguel Meneses | 2012","isPartOf":{"@id":"https:\/\/www.kissthedesign.ch\/en\/#website"},"primaryImageOfPage":{"@id":"https:\/\/www.kissthedesign.ch\/de\/miguel-meneses\/#primaryimage"},"image":{"@id":"https:\/\/www.kissthedesign.ch\/de\/miguel-meneses\/#primaryimage"},"thumbnailUrl":"https:\/\/www.kissthedesign.ch\/wp\/wp-content\/uploads\/2015\/04\/miguel-meneses1.jpg","datePublished":"2015-04-08T13:20:45+00:00","dateModified":"2015-04-08T13:23:28+00:00","description":"Miguel Meneses Ausstellung","breadcrumb":{"@id":"https:\/\/www.kissthedesign.ch\/de\/miguel-meneses\/#breadcrumb"},"inLanguage":"de","potentialAction":[{"@type":"ReadAction","target":["https:\/\/www.kissthedesign.ch\/de\/miguel-meneses\/"]}]},{"@type":"ImageObject","inLanguage":"de","@id":"https:\/\/www.kissthedesign.ch\/de\/miguel-meneses\/#primaryimage","url":"https:\/\/www.kissthedesign.ch\/wp\/wp-content\/uploads\/2015\/04\/miguel-meneses1.jpg","contentUrl":"https:\/\/www.kissthedesign.ch\/wp\/wp-content\/uploads\/2015\/04\/miguel-meneses1.jpg","width":669,"height":684},{"@type":"BreadcrumbList","@id":"https:\/\/www.kissthedesign.ch\/de\/miguel-meneses\/#breadcrumb","itemListElement":[{"@type":"ListItem","position":1,"name":"Accueil","item":"https:\/\/www.kissthedesign.ch\/de\/"},{"@type":"ListItem","position":2,"name":"Miguel Meneses | Travaux d&#8217;\u00e9t\u00e9 | 2012"}]},{"@type":"WebSite","@id":"https:\/\/www.kissthedesign.ch\/en\/#website","url":"https:\/\/www.kissthedesign.ch\/en\/","name":"kissthedesign","description":"Kissthedesign, Lausanne, Suisse. Mobilier du XXe, design vintage","publisher":{"@id":"https:\/\/www.kissthedesign.ch\/en\/#organization"},"potentialAction":[{"@type":"SearchAction","target":{"@type":"EntryPoint","urlTemplate":"https:\/\/www.kissthedesign.ch\/en\/?s={search_term_string}"},"query-input":{"@type":"PropertyValueSpecification","valueRequired":true,"valueName":"search_term_string"}}],"inLanguage":"de"},{"@type":"Organization","@id":"https:\/\/www.kissthedesign.ch\/en\/#organization","name":"Kissthedesign","url":"https:\/\/www.kissthedesign.ch\/en\/","logo":{"@type":"ImageObject","inLanguage":"de","@id":"https:\/\/www.kissthedesign.ch\/en\/#\/schema\/logo\/image\/","url":"https:\/\/www.kissthedesign.ch\/wp\/wp-content\/uploads\/2016\/08\/ktd-logo-web.jpg","contentUrl":"https:\/\/www.kissthedesign.ch\/wp\/wp-content\/uploads\/2016\/08\/ktd-logo-web.jpg","width":450,"height":167,"caption":"Kissthedesign"},"image":{"@id":"https:\/\/www.kissthedesign.ch\/en\/#\/schema\/logo\/image\/"}},{"@type":"Person","@id":"https:\/\/www.kissthedesign.ch\/en\/#\/schema\/person\/835a910b953146ee3bce76063b95a123","name":"corine st\u00fcbi","url":"https:\/\/www.kissthedesign.ch\/de\/author\/c3st_am01-cul3\/"}]}},"_links":{"self":[{"href":"https:\/\/www.kissthedesign.ch\/de\/wp-json\/wp\/v2\/posts\/5787","targetHints":{"allow":["GET"]}}],"collection":[{"href":"https:\/\/www.kissthedesign.ch\/de\/wp-json\/wp\/v2\/posts"}],"about":[{"href":"https:\/\/www.kissthedesign.ch\/de\/wp-json\/wp\/v2\/types\/post"}],"author":[{"embeddable":true,"href":"https:\/\/www.kissthedesign.ch\/de\/wp-json\/wp\/v2\/users\/17"}],"replies":[{"embeddable":true,"href":"https:\/\/www.kissthedesign.ch\/de\/wp-json\/wp\/v2\/comments?post=5787"}],"version-history":[{"count":0,"href":"https:\/\/www.kissthedesign.ch\/de\/wp-json\/wp\/v2\/posts\/5787\/revisions"}],"wp:featuredmedia":[{"embeddable":true,"href":"https:\/\/www.kissthedesign.ch\/de\/wp-json\/wp\/v2\/media\/5783"}],"wp:attachment":[{"href":"https:\/\/www.kissthedesign.ch\/de\/wp-json\/wp\/v2\/media?parent=5787"}],"wp:term":[{"taxonomy":"category","embeddable":true,"href":"https:\/\/www.kissthedesign.ch\/de\/wp-json\/wp\/v2\/categories?post=5787"},{"taxonomy":"post_tag","embeddable":true,"href":"https:\/\/www.kissthedesign.ch\/de\/wp-json\/wp\/v2\/tags?post=5787"}],"curies":[{"name":"wp","href":"https:\/\/api.w.org\/{rel}","templated":true}]}}