{"id":6253,"date":"2015-04-09T18:59:40","date_gmt":"2015-04-09T17:59:40","guid":{"rendered":"http:\/\/www.kissthedesign.ch\/wp\/?p=6253"},"modified":"2015-04-09T19:00:44","modified_gmt":"2015-04-09T18:00:44","slug":"david-curchod-2014","status":"publish","type":"post","link":"https:\/\/www.kissthedesign.ch\/de\/david-curchod-2014\/","title":{"rendered":"David Curchod | Derri\u00e8re ce masque tout va bien | 2014"},"content":{"rendered":"<div class=\"wpb-content-wrapper\"><p>[vc_row bg_position=&#8221;tl&#8221; bg_repeat=&#8221;no-repeat&#8221; parallax_type=&#8221;tb&#8221; parallax_speed=&#8221;1&#8243; bg_video_position=&#8221;top&#8221; bg_video_parallax=&#8221;none&#8221;][vc_column width=&#8221;1\/2&#8243; icon_position=&#8221;left&#8221;][vc_column_text css=&#8221;.vc_custom_1428602375425{padding-right: 40px !important;}&#8221;]<\/p>\n<p class=\"style2\" align=\"left\"><span style=\"color: #000000;\"><strong>DAVID CURCHOD, DERRIERE CE MASQUE TOUT VA BIEN<br \/>\n<\/strong><strong>Exhibition from september 19 to december 6, 2014.<\/strong><\/span><\/p>\n<p style=\"text-align: justify;\">For the saison-start Kissthedesign gallery is pleased to present the new works by swiss artists David Curchod (*1971).<\/p>\n<p style=\"text-align: justify;\">David Curchod, graduated in visual art from the ECAL, Lausanne, in 1997, develloped since several years a work mainly articulated around papercutting. His works are composed by many layers of fine cutted paper, sometimes coloured or leaved blank. The material looks fragile and contrasts with the crudeness even violence of the content. Because the human, his flesh, bones, boday and face, is fascinating David Curchod.<\/p>\n<p style=\"text-align: justify;\">David Curchod is reinventing the swiss papercutting tradition thus keeping its narrative potential. He appropriates a sensitive and feminine art and brings it in the here and now, even if it retains a poetic and floral aspect. He use this traditional technic with contemporary codes, neon pink, pop or punk iconography and kitschy celebs.<\/p>\n<p class=\"style2\" align=\"left\"><strong class=\"style1\" style=\"font-weight: bold; color: #000000;\">BIOGRAPHY<\/strong><\/p>\n<p style=\"text-align: justify;\"><strong>David Curchod (*1971, Lausanne)<\/strong>. Graduted in 1997 from ECAL, in 1999 he becomes Arwed.D Gorella\u2018s Meistersch\u00fcler at the Hochschule der Bildende Kunst in Braunschweig, Germany.<br \/>\nHe lives and works in Lausanne as an artist. Since 2004, he also teaches at the ERACOM in Lausanne.<\/p>\n<p style=\"text-align: justify;\">His works has been regularily exhibited in Switzerland and Germany, among others at Espace culturel d\u2019Assens, Mus\u00e9e des Beaux-Arts, Lausanne (Accrochage Vaud), \u00ab\u00a0Anhaltischer Kunst Preis 98\u00a0\u00bb, K\u00f6then (D) (2nd public award), Halle Nord, Geneva, \u00ab De l inachev\u00e9 \u00e0 la ruine \u00bb, Hall CFF, Lausanne, Galerie C, Neuch\u00e2tel, Kunstkeller, Bern , ESF, Lausanne, One\/Shot, Lausanne, Produzentengalerie, Luzern, etc.<\/p>\n<p>[\/vc_column_text][\/vc_column][vc_column width=&#8221;1\/2&#8243;][vc_gallery type=&#8221;image_grid&#8221; interval=&#8221;3&#8243; images=&#8221;6242,6227,6245,6224,6233,6239,6230,6236&#8243; onclick=&#8221;link_image&#8221; custom_links_target=&#8221;_self&#8221; img_size=&#8221;full&#8221;][\/vc_column][\/vc_row]<\/p>\n<\/div>","protected":false},"excerpt":{"rendered":"<p>[vc_row bg_position=&#8221;tl&#8221; bg_repeat=&#8221;no-repeat&#8221; parallax_type=&#8221;tb&#8221; parallax_speed=&#8221;1&#8243; bg_video_position=&#8221;top&#8221; bg_video_parallax=&#8221;none&#8221;][vc_column width=&#8221;1\/2&#8243; icon_position=&#8221;left&#8221;][vc_column_text css=&#8221;.vc_custom_1428602375425{padding-right: 40px !important;}&#8221;] DAVID CURCHOD, DERRIERE CE MASQUE TOUT VA BIEN<\/p>\n","protected":false},"author":17,"featured_media":6244,"comment_status":"closed","ping_status":"closed","sticky":false,"template":"","format":"standard","meta":{"_monsterinsights_skip_tracking":false,"_monsterinsights_sitenote_active":false,"_monsterinsights_sitenote_note":"","_monsterinsights_sitenote_category":0,"footnotes":""},"categories":[170],"tags":[],"class_list":["post-6253","post","type-post","status-publish","format-standard","has-post-thumbnail","hentry","category-zeitgenoessische-kunst-und-design"],"yoast_head":"<!-- This site is optimized with the Yoast SEO plugin v25.3.1 - https:\/\/yoast.com\/wordpress\/plugins\/seo\/ -->\n<title>David Curchod | Derri\u00e8re ce masque tout va bien | 2014<\/title>\n<meta name=\"description\" content=\"David Curchod, Einzelausstellung. Zeitgen\u00f6ssische Kunst. Galerie Kissthedesign, Lausanne, Schweiz\" \/>\n<meta name=\"robots\" content=\"index, follow, max-snippet:-1, max-image-preview:large, max-video-preview:-1\" \/>\n<link rel=\"canonical\" href=\"https:\/\/www.kissthedesign.ch\/de\/david-curchod-2014\/\" \/>\n<meta property=\"og:locale\" content=\"de_DE\" \/>\n<meta property=\"og:type\" content=\"article\" \/>\n<meta property=\"og:title\" content=\"David Curchod | Derri\u00e8re ce masque tout va bien | 2014\" \/>\n<meta property=\"og:description\" content=\"David Curchod, Einzelausstellung. Zeitgen\u00f6ssische Kunst. Galerie Kissthedesign, Lausanne, Schweiz\" \/>\n<meta property=\"og:url\" content=\"https:\/\/www.kissthedesign.ch\/de\/david-curchod-2014\/\" \/>\n<meta property=\"og:site_name\" content=\"kissthedesign\" \/>\n<meta property=\"article:published_time\" content=\"2015-04-09T17:59:40+00:00\" \/>\n<meta property=\"article:modified_time\" content=\"2015-04-09T18:00:44+00:00\" \/>\n<meta property=\"og:image\" content=\"https:\/\/www.kissthedesign.ch\/wp\/wp-content\/uploads\/2015\/04\/davidcurchod-det.jpg\" \/>\n\t<meta property=\"og:image:width\" content=\"800\" \/>\n\t<meta property=\"og:image:height\" content=\"564\" \/>\n\t<meta property=\"og:image:type\" content=\"image\/jpeg\" \/>\n<meta name=\"author\" content=\"corine st\u00fcbi\" \/>\n<meta name=\"twitter:label1\" content=\"Verfasst von\" \/>\n\t<meta name=\"twitter:data1\" content=\"corine st\u00fcbi\" \/>\n\t<meta name=\"twitter:label2\" content=\"Gesch\u00e4tzte Lesezeit\" \/>\n\t<meta name=\"twitter:data2\" content=\"2\u00a0Minuten\" \/>\n<script type=\"application\/ld+json\" class=\"yoast-schema-graph\">{\"@context\":\"https:\/\/schema.org\",\"@graph\":[{\"@type\":\"Article\",\"@id\":\"https:\/\/www.kissthedesign.ch\/de\/david-curchod-2014\/#article\",\"isPartOf\":{\"@id\":\"https:\/\/www.kissthedesign.ch\/de\/david-curchod-2014\/\"},\"author\":{\"name\":\"corine st\u00fcbi\",\"@id\":\"https:\/\/www.kissthedesign.ch\/en\/#\/schema\/person\/835a910b953146ee3bce76063b95a123\"},\"headline\":\"David Curchod | Derri\u00e8re ce masque tout va bien | 2014\",\"datePublished\":\"2015-04-09T17:59:40+00:00\",\"dateModified\":\"2015-04-09T18:00:44+00:00\",\"mainEntityOfPage\":{\"@id\":\"https:\/\/www.kissthedesign.ch\/de\/david-curchod-2014\/\"},\"wordCount\":324,\"publisher\":{\"@id\":\"https:\/\/www.kissthedesign.ch\/en\/#organization\"},\"image\":{\"@id\":\"https:\/\/www.kissthedesign.ch\/de\/david-curchod-2014\/#primaryimage\"},\"thumbnailUrl\":\"https:\/\/www.kissthedesign.ch\/wp\/wp-content\/uploads\/2015\/04\/davidcurchod-det.jpg\",\"articleSection\":[\"Zeitgen\u00f6ssische Kunst und Design\"],\"inLanguage\":\"de\"},{\"@type\":\"WebPage\",\"@id\":\"https:\/\/www.kissthedesign.ch\/de\/david-curchod-2014\/\",\"url\":\"https:\/\/www.kissthedesign.ch\/de\/david-curchod-2014\/\",\"name\":\"David Curchod | Derri\u00e8re ce masque tout va bien | 2014\",\"isPartOf\":{\"@id\":\"https:\/\/www.kissthedesign.ch\/en\/#website\"},\"primaryImageOfPage\":{\"@id\":\"https:\/\/www.kissthedesign.ch\/de\/david-curchod-2014\/#primaryimage\"},\"image\":{\"@id\":\"https:\/\/www.kissthedesign.ch\/de\/david-curchod-2014\/#primaryimage\"},\"thumbnailUrl\":\"https:\/\/www.kissthedesign.ch\/wp\/wp-content\/uploads\/2015\/04\/davidcurchod-det.jpg\",\"datePublished\":\"2015-04-09T17:59:40+00:00\",\"dateModified\":\"2015-04-09T18:00:44+00:00\",\"description\":\"David Curchod, Einzelausstellung. Zeitgen\u00f6ssische Kunst. Galerie Kissthedesign, Lausanne, Schweiz\",\"breadcrumb\":{\"@id\":\"https:\/\/www.kissthedesign.ch\/de\/david-curchod-2014\/#breadcrumb\"},\"inLanguage\":\"de\",\"potentialAction\":[{\"@type\":\"ReadAction\",\"target\":[\"https:\/\/www.kissthedesign.ch\/de\/david-curchod-2014\/\"]}]},{\"@type\":\"ImageObject\",\"inLanguage\":\"de\",\"@id\":\"https:\/\/www.kissthedesign.ch\/de\/david-curchod-2014\/#primaryimage\",\"url\":\"https:\/\/www.kissthedesign.ch\/wp\/wp-content\/uploads\/2015\/04\/davidcurchod-det.jpg\",\"contentUrl\":\"https:\/\/www.kissthedesign.ch\/wp\/wp-content\/uploads\/2015\/04\/davidcurchod-det.jpg\",\"width\":800,\"height\":564},{\"@type\":\"BreadcrumbList\",\"@id\":\"https:\/\/www.kissthedesign.ch\/de\/david-curchod-2014\/#breadcrumb\",\"itemListElement\":[{\"@type\":\"ListItem\",\"position\":1,\"name\":\"Accueil\",\"item\":\"https:\/\/www.kissthedesign.ch\/de\/\"},{\"@type\":\"ListItem\",\"position\":2,\"name\":\"David Curchod | Derri\u00e8re ce masque tout va bien | 2014\"}]},{\"@type\":\"WebSite\",\"@id\":\"https:\/\/www.kissthedesign.ch\/en\/#website\",\"url\":\"https:\/\/www.kissthedesign.ch\/en\/\",\"name\":\"kissthedesign\",\"description\":\"Kissthedesign, Lausanne, Suisse. Mobilier du XXe, design vintage\",\"publisher\":{\"@id\":\"https:\/\/www.kissthedesign.ch\/en\/#organization\"},\"potentialAction\":[{\"@type\":\"SearchAction\",\"target\":{\"@type\":\"EntryPoint\",\"urlTemplate\":\"https:\/\/www.kissthedesign.ch\/en\/?s={search_term_string}\"},\"query-input\":{\"@type\":\"PropertyValueSpecification\",\"valueRequired\":true,\"valueName\":\"search_term_string\"}}],\"inLanguage\":\"de\"},{\"@type\":\"Organization\",\"@id\":\"https:\/\/www.kissthedesign.ch\/en\/#organization\",\"name\":\"Kissthedesign\",\"url\":\"https:\/\/www.kissthedesign.ch\/en\/\",\"logo\":{\"@type\":\"ImageObject\",\"inLanguage\":\"de\",\"@id\":\"https:\/\/www.kissthedesign.ch\/en\/#\/schema\/logo\/image\/\",\"url\":\"https:\/\/www.kissthedesign.ch\/wp\/wp-content\/uploads\/2016\/08\/ktd-logo-web.jpg\",\"contentUrl\":\"https:\/\/www.kissthedesign.ch\/wp\/wp-content\/uploads\/2016\/08\/ktd-logo-web.jpg\",\"width\":450,\"height\":167,\"caption\":\"Kissthedesign\"},\"image\":{\"@id\":\"https:\/\/www.kissthedesign.ch\/en\/#\/schema\/logo\/image\/\"}},{\"@type\":\"Person\",\"@id\":\"https:\/\/www.kissthedesign.ch\/en\/#\/schema\/person\/835a910b953146ee3bce76063b95a123\",\"name\":\"corine st\u00fcbi\",\"url\":\"https:\/\/www.kissthedesign.ch\/de\/author\/c3st_am01-cul3\/\"}]}<\/script>\n<!-- \/ Yoast SEO plugin. -->","yoast_head_json":{"title":"David Curchod | Derri\u00e8re ce masque tout va bien | 2014","description":"David Curchod, Einzelausstellung. Zeitgen\u00f6ssische Kunst. Galerie Kissthedesign, Lausanne, Schweiz","robots":{"index":"index","follow":"follow","max-snippet":"max-snippet:-1","max-image-preview":"max-image-preview:large","max-video-preview":"max-video-preview:-1"},"canonical":"https:\/\/www.kissthedesign.ch\/de\/david-curchod-2014\/","og_locale":"de_DE","og_type":"article","og_title":"David Curchod | Derri\u00e8re ce masque tout va bien | 2014","og_description":"David Curchod, Einzelausstellung. Zeitgen\u00f6ssische Kunst. Galerie Kissthedesign, Lausanne, Schweiz","og_url":"https:\/\/www.kissthedesign.ch\/de\/david-curchod-2014\/","og_site_name":"kissthedesign","article_published_time":"2015-04-09T17:59:40+00:00","article_modified_time":"2015-04-09T18:00:44+00:00","og_image":[{"width":800,"height":564,"url":"https:\/\/www.kissthedesign.ch\/wp\/wp-content\/uploads\/2015\/04\/davidcurchod-det.jpg","type":"image\/jpeg"}],"author":"corine st\u00fcbi","twitter_misc":{"Verfasst von":"corine st\u00fcbi","Gesch\u00e4tzte Lesezeit":"2\u00a0Minuten"},"schema":{"@context":"https:\/\/schema.org","@graph":[{"@type":"Article","@id":"https:\/\/www.kissthedesign.ch\/de\/david-curchod-2014\/#article","isPartOf":{"@id":"https:\/\/www.kissthedesign.ch\/de\/david-curchod-2014\/"},"author":{"name":"corine st\u00fcbi","@id":"https:\/\/www.kissthedesign.ch\/en\/#\/schema\/person\/835a910b953146ee3bce76063b95a123"},"headline":"David Curchod | Derri\u00e8re ce masque tout va bien | 2014","datePublished":"2015-04-09T17:59:40+00:00","dateModified":"2015-04-09T18:00:44+00:00","mainEntityOfPage":{"@id":"https:\/\/www.kissthedesign.ch\/de\/david-curchod-2014\/"},"wordCount":324,"publisher":{"@id":"https:\/\/www.kissthedesign.ch\/en\/#organization"},"image":{"@id":"https:\/\/www.kissthedesign.ch\/de\/david-curchod-2014\/#primaryimage"},"thumbnailUrl":"https:\/\/www.kissthedesign.ch\/wp\/wp-content\/uploads\/2015\/04\/davidcurchod-det.jpg","articleSection":["Zeitgen\u00f6ssische Kunst und Design"],"inLanguage":"de"},{"@type":"WebPage","@id":"https:\/\/www.kissthedesign.ch\/de\/david-curchod-2014\/","url":"https:\/\/www.kissthedesign.ch\/de\/david-curchod-2014\/","name":"David Curchod | Derri\u00e8re ce masque tout va bien | 2014","isPartOf":{"@id":"https:\/\/www.kissthedesign.ch\/en\/#website"},"primaryImageOfPage":{"@id":"https:\/\/www.kissthedesign.ch\/de\/david-curchod-2014\/#primaryimage"},"image":{"@id":"https:\/\/www.kissthedesign.ch\/de\/david-curchod-2014\/#primaryimage"},"thumbnailUrl":"https:\/\/www.kissthedesign.ch\/wp\/wp-content\/uploads\/2015\/04\/davidcurchod-det.jpg","datePublished":"2015-04-09T17:59:40+00:00","dateModified":"2015-04-09T18:00:44+00:00","description":"David Curchod, Einzelausstellung. Zeitgen\u00f6ssische Kunst. Galerie Kissthedesign, Lausanne, Schweiz","breadcrumb":{"@id":"https:\/\/www.kissthedesign.ch\/de\/david-curchod-2014\/#breadcrumb"},"inLanguage":"de","potentialAction":[{"@type":"ReadAction","target":["https:\/\/www.kissthedesign.ch\/de\/david-curchod-2014\/"]}]},{"@type":"ImageObject","inLanguage":"de","@id":"https:\/\/www.kissthedesign.ch\/de\/david-curchod-2014\/#primaryimage","url":"https:\/\/www.kissthedesign.ch\/wp\/wp-content\/uploads\/2015\/04\/davidcurchod-det.jpg","contentUrl":"https:\/\/www.kissthedesign.ch\/wp\/wp-content\/uploads\/2015\/04\/davidcurchod-det.jpg","width":800,"height":564},{"@type":"BreadcrumbList","@id":"https:\/\/www.kissthedesign.ch\/de\/david-curchod-2014\/#breadcrumb","itemListElement":[{"@type":"ListItem","position":1,"name":"Accueil","item":"https:\/\/www.kissthedesign.ch\/de\/"},{"@type":"ListItem","position":2,"name":"David Curchod | Derri\u00e8re ce masque tout va bien | 2014"}]},{"@type":"WebSite","@id":"https:\/\/www.kissthedesign.ch\/en\/#website","url":"https:\/\/www.kissthedesign.ch\/en\/","name":"kissthedesign","description":"Kissthedesign, Lausanne, Suisse. Mobilier du XXe, design vintage","publisher":{"@id":"https:\/\/www.kissthedesign.ch\/en\/#organization"},"potentialAction":[{"@type":"SearchAction","target":{"@type":"EntryPoint","urlTemplate":"https:\/\/www.kissthedesign.ch\/en\/?s={search_term_string}"},"query-input":{"@type":"PropertyValueSpecification","valueRequired":true,"valueName":"search_term_string"}}],"inLanguage":"de"},{"@type":"Organization","@id":"https:\/\/www.kissthedesign.ch\/en\/#organization","name":"Kissthedesign","url":"https:\/\/www.kissthedesign.ch\/en\/","logo":{"@type":"ImageObject","inLanguage":"de","@id":"https:\/\/www.kissthedesign.ch\/en\/#\/schema\/logo\/image\/","url":"https:\/\/www.kissthedesign.ch\/wp\/wp-content\/uploads\/2016\/08\/ktd-logo-web.jpg","contentUrl":"https:\/\/www.kissthedesign.ch\/wp\/wp-content\/uploads\/2016\/08\/ktd-logo-web.jpg","width":450,"height":167,"caption":"Kissthedesign"},"image":{"@id":"https:\/\/www.kissthedesign.ch\/en\/#\/schema\/logo\/image\/"}},{"@type":"Person","@id":"https:\/\/www.kissthedesign.ch\/en\/#\/schema\/person\/835a910b953146ee3bce76063b95a123","name":"corine st\u00fcbi","url":"https:\/\/www.kissthedesign.ch\/de\/author\/c3st_am01-cul3\/"}]}},"_links":{"self":[{"href":"https:\/\/www.kissthedesign.ch\/de\/wp-json\/wp\/v2\/posts\/6253","targetHints":{"allow":["GET"]}}],"collection":[{"href":"https:\/\/www.kissthedesign.ch\/de\/wp-json\/wp\/v2\/posts"}],"about":[{"href":"https:\/\/www.kissthedesign.ch\/de\/wp-json\/wp\/v2\/types\/post"}],"author":[{"embeddable":true,"href":"https:\/\/www.kissthedesign.ch\/de\/wp-json\/wp\/v2\/users\/17"}],"replies":[{"embeddable":true,"href":"https:\/\/www.kissthedesign.ch\/de\/wp-json\/wp\/v2\/comments?post=6253"}],"version-history":[{"count":0,"href":"https:\/\/www.kissthedesign.ch\/de\/wp-json\/wp\/v2\/posts\/6253\/revisions"}],"wp:featuredmedia":[{"embeddable":true,"href":"https:\/\/www.kissthedesign.ch\/de\/wp-json\/wp\/v2\/media\/6244"}],"wp:attachment":[{"href":"https:\/\/www.kissthedesign.ch\/de\/wp-json\/wp\/v2\/media?parent=6253"}],"wp:term":[{"taxonomy":"category","embeddable":true,"href":"https:\/\/www.kissthedesign.ch\/de\/wp-json\/wp\/v2\/categories?post=6253"},{"taxonomy":"post_tag","embeddable":true,"href":"https:\/\/www.kissthedesign.ch\/de\/wp-json\/wp\/v2\/tags?post=6253"}],"curies":[{"name":"wp","href":"https:\/\/api.w.org\/{rel}","templated":true}]}}